{"id":99,"date":"2016-01-25T13:34:27","date_gmt":"2016-01-25T12:34:27","guid":{"rendered":"https:\/\/malina.artstudioworks.net\/yummy\/?p=99"},"modified":"2021-02-09T08:51:34","modified_gmt":"2021-02-09T07:51:34","slug":"quinoa-crunch-salad-with-peanut-dressing","status":"publish","type":"post","link":"https:\/\/paul-lincke.de\/?p=99","title":{"rendered":"2009 &#8211; Fantastischen 4"},"content":{"rendered":"\n<h4 class=\"fs24 wp-block-heading\">&#8222;Sie machten den deutschsprachigen Hip-Hop bundesweit popul\u00e4r.&#8220; <\/h4>\n\n\n\n<p>Auf einer selbstgezimmerten B\u00fchne aus Euro-Paletten traten sie erstmals am 7. Juli 1989 gemeinsam in einem ehemaligen Kindergarten in Stuttgart-Wangen auf, die \u201eFantastischen Vier\u201c. Schon vor ihnen befassten sich K\u00fcnstler mit dem Deutschen Sprechgesang. Den ersten Charterfolg in diesem Genre hatten die \u201eFanta 4\u201c dann 1992 mit dem Titel \u201eDie da\u201c, mit welchem sie den deutschsprachigen Hip-Hop bundesweit popul\u00e4r machten.<\/p>\n\n\n\n<p>Michi Beck (Michael Beck) geb. 11.12.1967 in Stuttgart \u2013 (DJ, Rap &#8211; Schlagzeug)<br>Thomas D (Thomas D\u00fcrr) geb. 30.12.1968 in Stuttgart \u2013 (Rap)<br>Smudo (Michael B. Schmidt) geb. 06.03.1968 in Offenbach\/M. (Rap)<br>And. Ypsilon (Andreas Rieke) geb. 17.11.1967 in Stuttgart \u2013 (Produzent, Keyboard)  <\/p>\n\n\n\n<h5 class=\"wp-block-heading\">Singels (Auszug)<\/h5>\n\n\n\n<ul class=\"list-style1 wp-block-list\"><li>Jetzt gehts ab (1991)<\/li><li>Hausmeister Thomas D. (1991)<\/li><li>Die da ?! (1992)<\/li><li>Lass die Sonne rein (1993)<\/li><li>Tag am Meer (1994)<\/li><li>Der Picknicker (1997)<\/li><li>Buenos Dias Messias (1999)<\/li><li>Sommerregen (2004)<\/li><li>Ernten was wir s\u00e4en (2007)<\/li><li>Yeah Yeah Yeah (2008)  <\/li><\/ul>\n\n\n\n<h5 class=\"wp-block-heading\">Auszeichnungen<\/h5>\n\n\n\n<p> 1992  Echo Nachwuchspreis<br> 1996  Echo in der Sparte \u201eVideoclip national\u201c (Sie ist weg)<br> 2000  Echo in der Sparte \u201eRock\/Pop\u201c<br> 2005  Echo in der Sparte \u201eHip Hop\u201c<br> 2007  1LIVE Krone Bestes Album<br> 2008  Echo in der Sparte \u201eRock Pop\u201c<br> 2009  Paul-Lincke-Ring<br> 2009  1LIVE Krone &#8211; Lebenswerk  <\/p>\n\n\n\n<h5 class=\"wp-block-heading\">Quelle:<\/h5>\n\n\n\n<ul class=\"list-style2 wp-block-list\"><li>Rap entstammt urspr\u00fcnglich der afroamerikanischen Kultur. Aus dem jamaikanischen Toasting entstand er etwa Ende der 1060er-Jahre in afroamerikanischen Gro\u00dfstadtghettos.  In den 1990er-Jahren wird in den Texten des Raps das Leben in den amerikanischen Ghettos seit den 1970er Jahren wieder aufgerollt und im Kollektivged\u00e4chtnis der Schwarzen verarbeitet. Dabei handeln die Texte oft von den Problemen der Kriminalit\u00e4t und Drogen, manche distanzieren sich eindeutig davon, andere hei\u00dfen dasselbe gut.  Mittlerweile ist Hip-Hop und mit ihm der amerikanische Rap zu einem weltweiten Gesch\u00e4ft geworden. Allerdings ist Rap nicht mehr auf die englische Sprache beschr\u00e4nkt. Vor allem in Franreich wurde der Rap als Sprachrohr \u00fcber die Probleme in den Pariser Vorst\u00e4dten sehr erfolgreich entwickelt. Aber auch in Gro\u00dfbritannien, Italien, Deutschland, Polen, Iran, Japan, \u00d6sterreich, Russland und der Schweiz erfreut sich Rap immer gr\u00f6\u00dferer Beliebtheit.<\/li><li>(c) Wikipedia<\/li><\/ul>\n\n\n\n<div style=\"height:24px\" aria-hidden=\"true\" class=\"wp-block-spacer\"><\/div>\n\n\n\n\n","protected":false},"excerpt":{"rendered":"<p>&#8222;Sie machten den deutschsprachigen Hip-Hop bundesweit popul\u00e4r.&#8220; <\/p>\n","protected":false},"author":1,"featured_media":0,"comment_status":"closed","ping_status":"closed","sticky":false,"template":"","format":"standard","meta":{"footnotes":""},"categories":[8],"tags":[],"class_list":["post-99","post","type-post","status-publish","format-standard","hentry","category-preistraeger"],"_links":{"self":[{"href":"https:\/\/paul-lincke.de\/index.php?rest_route=\/wp\/v2\/posts\/99","targetHints":{"allow":["GET"]}}],"collection":[{"href":"https:\/\/paul-lincke.de\/index.php?rest_route=\/wp\/v2\/posts"}],"about":[{"href":"https:\/\/paul-lincke.de\/index.php?rest_route=\/wp\/v2\/types\/post"}],"author":[{"embeddable":true,"href":"https:\/\/paul-lincke.de\/index.php?rest_route=\/wp\/v2\/users\/1"}],"replies":[{"embeddable":true,"href":"https:\/\/paul-lincke.de\/index.php?rest_route=%2Fwp%2Fv2%2Fcomments&post=99"}],"version-history":[{"count":8,"href":"https:\/\/paul-lincke.de\/index.php?rest_route=\/wp\/v2\/posts\/99\/revisions"}],"predecessor-version":[{"id":763,"href":"https:\/\/paul-lincke.de\/index.php?rest_route=\/wp\/v2\/posts\/99\/revisions\/763"}],"wp:attachment":[{"href":"https:\/\/paul-lincke.de\/index.php?rest_route=%2Fwp%2Fv2%2Fmedia&parent=99"}],"wp:term":[{"taxonomy":"category","embeddable":true,"href":"https:\/\/paul-lincke.de\/index.php?rest_route=%2Fwp%2Fv2%2Fcategories&post=99"},{"taxonomy":"post_tag","embeddable":true,"href":"https:\/\/paul-lincke.de\/index.php?rest_route=%2Fwp%2Fv2%2Ftags&post=99"}],"curies":[{"name":"wp","href":"https:\/\/api.w.org\/{rel}","templated":true}]}}