{"id":330,"date":"2019-10-16T13:03:14","date_gmt":"2019-10-16T11:03:14","guid":{"rendered":"https:\/\/paul-lincke.de\/?p=330"},"modified":"2023-03-09T23:46:20","modified_gmt":"2023-03-09T22:46:20","slug":"2020-roland-kaiser","status":"publish","type":"post","link":"https:\/\/paul-lincke.de\/?p=330","title":{"rendered":"2020 &#8211; Roland Kaiser"},"content":{"rendered":"<style>.wp-block-kadence-advancedheading.kt-adv-heading_a5ec98-e5, .wp-block-kadence-advancedheading.kt-adv-heading_a5ec98-e5[data-kb-block=\"kb-adv-heading_a5ec98-e5\"]{font-style:normal;}.wp-block-kadence-advancedheading.kt-adv-heading_a5ec98-e5 mark.kt-highlight, .wp-block-kadence-advancedheading.kt-adv-heading_a5ec98-e5[data-kb-block=\"kb-adv-heading_a5ec98-e5\"] mark.kt-highlight{font-style:normal;color:#f76a0c;-webkit-box-decoration-break:clone;box-decoration-break:clone;padding-top:0px;padding-right:0px;padding-bottom:0px;padding-left:0px;}<\/style>\n<h4 id=\"kt-adv-heading_a5ec98-e5\" class=\"kt-adv-heading_a5ec98-e5 wp-block-kadence-advancedheading\">&#8222;Der Kaiser ist Preistr\u00e4ger 2020&#8220;<\/h4>\n\n\n\n<p><strong>Von Ronald Keiler zu Roland Kaiser \u2013 die Anf\u00e4nge<\/strong><br>Der 1952 geborene und in Berlin aufgewachsene Ronald Keiler machte zun\u00e4chst eine kaufm\u00e4nnische Lehre und leitete im Anschluss die Werbeabteilung eines Berliner Autohauses. Produzent Thomas Meisel entdeckte ihn als S\u00e4nger.<br>Roland Kaisers umfangreiches Repertoire liest sich wie eine musikalische Zeitreise der deutschen Schlagergeschichte der 70er, 80er und 90er Jahre. Er war allein 67-mal in der ZDF-Hitparade und ist somit der Interpret mit den h\u00e4ufigsten Auftritten.<\/p>\n\n\n\n<p>1974 ver\u00f6ffentlichte Kaiser mit \u201eWas ist wohl aus ihr geworden?\u201c seine erste Single \u2013 ohne nennenswerten Eindruck zu hinterlassen. Die unvergessenen Hits folgten sp\u00e4ter. 1976 hatte er mit \u201eFrei, das hei\u00dft allein\u201c seinen ersten Verkaufserfolg. Seinen ersten Top10-Hit \u201eSieben F\u00e4sser Wein\u201c ver\u00f6ffentlichte Roland Kaiser 1977. Danach folgte Hit auf Hit: \u201eAmore Mio\u201c, \u201eSchach Matt\u201c, \u201eSanta Maria\u201c, \u201eLieb mich ein letztes Mal\u201c, \u201eDich zu lieben\u201c, \u201eJoana\u201c, \u201eMidnight Lady\u201c, \u201eIch glaub es geht schon wieder los\u201c, \u201eManchmal m\u00f6chte ich schon mit dir\u201c, \u201eWind auf der Haut und Lisa\u201c, \u201eWohin gehst du?\u201c, \u201eAlles was du willst\u201c, \u201eExtreme\u201c, \u201eIm 5. Element\u201c, \u201eWarum hast du nicht nein gesagt\u201c, u.v.m.<br><br>Deutschlands erfolgreichster Schlagers\u00e4nger der fr\u00fchen 80er Jahre textete auch f\u00fcr namhafte Kollegen wie Peter Maffay, Milva, Nana Mouskouri und Karat.<br><br><strong>Soziales Engagement<\/strong><br>Die Themen des karitativen Bet\u00e4tigungsfeldes von Roland Kaiser sind eng mit seiner eigenen Biographie verkn\u00fcpft. So engagiert sich Roland Kaiser \u2013 selbst als Vollwaise aufgewachsen \u2013 in vielen Einrichtungen f\u00fcr Kinder, ein weiterer Schwerpunkt ist das Thema Organspende, welchem er sich nach seiner Lungentransplantation 2010 zuwandte. Roland Kaiser ist seit dem Jahr 2000 Vorstandsmitglied der Solidarfonds Stiftung NRW, seit 2006 Botschafter der Albert Schweitzer Kinderd\u00f6rfer und Familienwerke und des Kinderhospizes Mitteldeutschland Nordhausen e.V.. Seit 2009 ist er auch \u201eSchrittMacher\u201c der Tom Wahlig Stiftung. Roland Kaiser hat mehrere Schirmherrschaften inne: z.B. ist er seit 2011 Schirmherr der Ethos gemeinn\u00fctzige GmbH, die das LuFuMobil (LungenfunktionsMobil) ins Leben gerufen hat, seit 2013 des Vereins H\u00f6r mal e. V..und seit Oktober 2016 als Schirmherr des \u201eWas wirklich z\u00e4hlt im Leben\u201c e.V. Als Botschafter engagiert er sich seit 2011 f\u00fcr die Stiftung AtemWeg, die Stiftung F\u00fcrs Leben der DSO (Deutsche Stiftung Organtransplantation), seit 2013 f\u00fcr die Rudolf Pichlmayr Stiftung, im Jahr 2015 kam der Verein Kinderlachen e. V. hinzu.<br><br>ENGAGEMENT<br>&nbsp;&nbsp;&nbsp; www.dso.de<br>&nbsp;&nbsp;&nbsp; www.hsp-info.de<br>&nbsp;&nbsp;&nbsp; www.kinderhospiz-mitteldeutschland.de<br>&nbsp;&nbsp;&nbsp; www.stiftung-atemweg.de<br>&nbsp;&nbsp;&nbsp; www.hoermal-verein.de<br>&nbsp;&nbsp;&nbsp; www.solidarfonds-nrw.de<br>&nbsp;&nbsp;&nbsp; www.albert-schweitzer-verband.de<br>&nbsp;&nbsp;&nbsp; www.pichlmayr-stiftung.de<br>&nbsp;&nbsp;&nbsp; www.kinderlachen.de<br>&nbsp;&nbsp;&nbsp; www.was-wirklich-zaehlt-im-leben.de<br><br><strong>Auszeichnungen<\/strong><br>Die Liste der Auszeichnungen, die einige Regale im Hause Kaiser f\u00fcllen k\u00f6nnten, ist lang geworden innerhalb der bereits 45j\u00e4hrigen Karriere von Roland Kaiser. Die Preise und Auszeichnungen, die ihm besonders am Herzen liegen, sind mehrere Bronzene und Silberne L\u00f6wen sowie ein Jubil\u00e4umsl\u00f6we, verliehen von Radio Luxemburg in den Jahren von 1980 bis 1986. 1981 ehrte ihn die Zeitschrift Bravo mit dem Silbernen Bravo-Otto. Vier Goldene Stimmgabeln (1981 \u2013 1987) stehen ebenfalls im Regal, sowie eine Goldene Europa aus dem Jahr 1982 und der Kulturpreis der B.Z, der ihm 2012 verliehen wurde. Eine Goldene Henne, verliehen f\u00fcr sein Lebenswerk, trug Roland Kaiser im Jahr 2014 mit nach Hause.<br><br>Sein soziales wie politisches Engagement wird immer wieder mit Auszeichnungen honoriert, beispielsweise mit dem Besch\u00e4ftigungsf\u00f6rderpreis des Solidarfonds (2002), dem Ehrenpreis der Solidarfonds Stiftung NRW (2011), dem Verdienstorden des Landes NRW (2012), dem Kind-Award National Kinderlachen e.V. (2014), dem TARA \u2013 Live goes on \u2013 Award (ebenfalls 2014) oder dem St. Georgs Orden in der Kategorie Kultur der Semperoper Dresden (2015). Im Januar 2016 ist er mit dem Albert-Schweitzer-Preis der Kinderd\u00f6rfer \u2013 deren Botschafter er auch ist \u2013 und Familienwerke f\u00fcr sein besonderes soziales Engagement geehrt worden, im Oktober 2016 verlieh ihm der \u00f6sterreichische gemeinn\u00fctzige Verein \u201eWider die Gewalt\u201c den \u201eTolerance Award\u201c. Am 5. Dezember 2016 erhielt er aus der Hand des Bundespr\u00e4sidenten Joachim Gauck das \u201eBundesverdienstkreuz\u201c f\u00fcr sein langj\u00e4hriges soziales Engagement, eine Ehrung, auf die Roland Kaiser besonders stolz ist. Im Oktober 2017 verlieh ihm der Stadtrat der Stadt Dresden die Ehrenmedaille der Landeshauptstadt und ehrte damit die besondere Verbundenheit des S\u00e4ngers mit der Stadt und auch sein soziales Engagement. Sie ist die zweith\u00f6chste Auszeichnung durch die Stadt Dresden nach der Ehrenb\u00fcrgerw\u00fcrde, und darf nur von 25 lebenden Personen getragen werden. Im Oktober 2018 erhielt Roland Kaiser den Annemarie-Renger-Preis, eine Auszeichnung des Arbeiter-Samariter-Bundes f\u00fcr besonderes gesellschaftliches Engagement.<br><br>Seit nunmehr 45 Jahren wird Roland Kaiser auf deutschen B\u00fchnen gefeiert, seine Fangemeinde umfasst mittlerweile drei Generationen, sein Duett \u201eWarum hast du nicht nein gesagt?\u201c (09\/2014) \u2013 gemeinsam mit Maite Kelly \u2013 wurde zum YouTube-Hit mit unglaublichen 100 Millionen Klicks, seine Tontr\u00e4ger \u2013 bereits \u00fcber 90 Mio. mal verkauft \u2013 werden regelm\u00e4\u00dfig mit Gold und Platin veredelt und seine Live-Tourneen, ob Open Air oder Arena, sind grunds\u00e4tzlich vor den angesetzten Terminen ausverkauft. Dies alles wird j\u00e4hrlich mit den vier KAISERMANIA-Konzerten in Dresden gekr\u00f6nt, die seit \u00fcber 15 Jahren nicht nur einen unglaublichen Kultstatus erreicht haben, sondern mittlerweile auch in absoluter Rekordzeit ausverkauft sind. Roland Kaiser ist DER Erfolgsk\u00fcnstler des deutschen Schlagers.<br><br>Copyright: offizielle Internetseite von Roland Kaiser: <a href=\"https:\/\/www.roland-kaiser.de\/biografie\/\" target=\"_blank\" rel=\"noreferrer noopener\" aria-label=\"https:\/\/www.roland-kaiser.de\/biografie\/ (\u00f6ffnet in neuem Tab)\">https:\/\/www.roland-kaiser.de\/biografie\/<\/a><br>Bild: Paul Schirnhofer<\/p>\n\n\n\n<p>Presseberichte:<br><a rel=\"noreferrer noopener\" aria-label=\"Goslarsche Zeitung (\u00f6ffnet in neuem Tab)\" href=\"https:\/\/paul-lincke.de\/wp-content\/uploads\/2019\/10\/2019-07-31_Roland_Kaiser.pdf\" target=\"_blank\">Goslarsche Zeitung<\/a> vom 31.07.2019<br><a href=\"https:\/\/paul-lincke.de\/?attachment_id=364\" target=\"_blank\" rel=\"noreferrer noopener\" aria-label=\" (\u00f6ffnet in neuem Tab)\">Roland Kaiser bittet zum Konzert<\/a> vor der Kaiserpfalz am 27.06.2020<br><\/p>\n\n\n\n<p style=\"text-align:right\" class=\"has-small-font-size\">Foto: Kammer<\/p>\n","protected":false},"excerpt":{"rendered":"<p>\u201eEr f\u00fcllt noch Stadien und h\u00e4lt den Auftrittsrekord bei der ZDF-Hitparade\u201c<\/p>\n","protected":false},"author":2,"featured_media":941,"comment_status":"closed","ping_status":"open","sticky":false,"template":"","format":"standard","meta":{"footnotes":""},"categories":[8],"tags":[12,10,13,11,9],"class_list":["post-330","post","type-post","status-publish","format-standard","has-post-thumbnail","hentry","category-preistraeger","tag-goslar","tag-paul-lincke","tag-preis","tag-ring","tag-roland-kaiser"],"_links":{"self":[{"href":"https:\/\/paul-lincke.de\/index.php?rest_route=\/wp\/v2\/posts\/330","targetHints":{"allow":["GET"]}}],"collection":[{"href":"https:\/\/paul-lincke.de\/index.php?rest_route=\/wp\/v2\/posts"}],"about":[{"href":"https:\/\/paul-lincke.de\/index.php?rest_route=\/wp\/v2\/types\/post"}],"author":[{"embeddable":true,"href":"https:\/\/paul-lincke.de\/index.php?rest_route=\/wp\/v2\/users\/2"}],"replies":[{"embeddable":true,"href":"https:\/\/paul-lincke.de\/index.php?rest_route=%2Fwp%2Fv2%2Fcomments&post=330"}],"version-history":[{"count":26,"href":"https:\/\/paul-lincke.de\/index.php?rest_route=\/wp\/v2\/posts\/330\/revisions"}],"predecessor-version":[{"id":942,"href":"https:\/\/paul-lincke.de\/index.php?rest_route=\/wp\/v2\/posts\/330\/revisions\/942"}],"wp:featuredmedia":[{"embeddable":true,"href":"https:\/\/paul-lincke.de\/index.php?rest_route=\/wp\/v2\/media\/941"}],"wp:attachment":[{"href":"https:\/\/paul-lincke.de\/index.php?rest_route=%2Fwp%2Fv2%2Fmedia&parent=330"}],"wp:term":[{"taxonomy":"category","embeddable":true,"href":"https:\/\/paul-lincke.de\/index.php?rest_route=%2Fwp%2Fv2%2Fcategories&post=330"},{"taxonomy":"post_tag","embeddable":true,"href":"https:\/\/paul-lincke.de\/index.php?rest_route=%2Fwp%2Fv2%2Ftags&post=330"}],"curies":[{"name":"wp","href":"https:\/\/api.w.org\/{rel}","templated":true}]}}