{"id":113,"date":"2019-05-01T12:00:06","date_gmt":"2019-05-01T10:00:06","guid":{"rendered":"https:\/\/malina.artstudioworks.net\/yummy\/?p=113"},"modified":"2021-02-09T08:51:33","modified_gmt":"2021-02-09T07:51:33","slug":"5-ingredient-cilantro-vinaigrette-2","status":"publish","type":"post","link":"https:\/\/paul-lincke.de\/?p=113","title":{"rendered":"2019 &#8211; Bosse"},"content":{"rendered":"<style>.wp-block-kadence-advancedheading.kt-adv-heading_0485d5-85, .wp-block-kadence-advancedheading.kt-adv-heading_0485d5-85[data-kb-block=\"kb-adv-heading_0485d5-85\"]{font-style:normal;}.wp-block-kadence-advancedheading.kt-adv-heading_0485d5-85 mark.kt-highlight, .wp-block-kadence-advancedheading.kt-adv-heading_0485d5-85[data-kb-block=\"kb-adv-heading_0485d5-85\"] mark.kt-highlight{font-style:normal;color:#f76a0c;-webkit-box-decoration-break:clone;box-decoration-break:clone;padding-top:0px;padding-right:0px;padding-bottom:0px;padding-left:0px;}<\/style>\n<h4 id=\"kt-adv-heading_0485d5-85\" class=\"kt-adv-heading_0485d5-85 wp-block-kadence-advancedheading\">\n\n\u201eEin besonderes Talent, mit seinen Texten Seelen zu ber\u00fchren\u201c\n\n<\/h4>\n\n\n\n<p>Der S\u00e4nger und Songschreiber Axel Bosse steht f\u00fcr gef\u00fchlvolle Texte und ein Gesp\u00fcr f\u00fcr sch\u00f6ne Melodien. Die Stadt Goslar w\u00fcrdigt sein musikalisches Schaffen jetzt mit dem Paul-Lincke-Ring f\u00fcr das Jahr 2019. Dies gab Oberb\u00fcrgermeister Dr. Oliver Junk heute beim Neujahrsempfang des Ortsrates Hahnenklee-Bockswiese bekannt. Die Abstimmung hinsichtlich des Termins f\u00fcr die Preisverleihung l\u00e4uft und die Chancen f\u00fcr ein Konzert sind gut. \u201eIch freue mich ganz besonders, dass in diesem Jahr mit Bosse als geb\u00fcrtigem Braunschweiger ein K\u00fcnstler ausgezeichnet wird, der aus unserer Region stammt\u201c, sagte Oberb\u00fcrgermeister Dr. Oliver Junk. Axel Bosse kommentierte: \u201eIch freue mich sehr \u00fcber die Auszeichnung und es ist mir eine Ehre, gemeinsam mit den gro\u00dfartigen Preistr\u00e4gern fr\u00fcherer Jahre genannt zu werden.\u201c<\/p>\n\n\n\n<p>\u201eBosse ist ein ganz besonderer Musiker, der ein besonderes Talent hat, mit seinen Texten Seelen zu ber\u00fchren ohne r\u00fchrselig oder aufdringlich zu sein. Wenn er \u00fcber Musik spricht, dann leuchtet er, und wenn er auf der B\u00fchne steht, dann leuchtet das Publikum. Au\u00dferdem zeigt er auf und neben der B\u00fchne Haltung und engagiert sich gegen Rechtsextremismus\u201c, begr\u00fcndet die Paul-Lincke-Ring-Jury die Entscheidung f\u00fcr Axel Bosse.<\/p>\n\n\n\n<p>Axel Bosse wurde am 22. Februar 1980 in Braunschweig geboren und wuchs in Hemkenrode in Niedersachsen auf. Bereits im Alter von 17 Jahren unterschrieb er seinen ersten Plattenvertrag mit seiner damaligen Band Hyperchild. Nach der Aufl\u00f6sung der Band begann er seine Solokarriere unter dem Namen \u201eBosse\u201c. Das Deb\u00fctalbum \u201eKamikazeherz\u201c erschien 2005. Es folgten \u201eTaxi\u201c (2009), \u201eWartesaal\u201c (2011), \u201eKraniche\u201c (2013) und \u201eEngtanz\u201c (2016). Mit diesem Album erreichte er Platz 1 der Deutschen Charts. Im Oktober 2018 ver\u00f6ffentlichte Bosse seine siebte Platte \u201eAlles ist jetzt\u201c, mit der er wieder den ersten Platz der Offiziellen Deutschen Album-Charts eroberte. Seit November ist Bosse bei der gleichnamigen Tour auch wieder live auf der B\u00fchne zu sehen.<\/p>\n\n\n\n<p><strong>Presseberichte zur Vergabe des Paul-Lincke-Ringes an Bosse:<\/strong><br>&#8211; Pressetext in der <a rel=\"noreferrer noopener\" aria-label=\" (\u00f6ffnet in neuem Tab)\" href=\"https:\/\/paul-lincke.de\/wp-content\/uploads\/2019\/09\/2019-06-15_Seite_31.pdf\" target=\"_blank\">Goslarschen Zeitung<\/a> vom 15.06.2019<br>&#8211; Pressetext in der<a rel=\"noreferrer noopener\" aria-label=\" Goslarschen Zeitung (\u00f6ffnet in neuem Tab)\" href=\"https:\/\/paul-lincke.de\/wp-content\/uploads\/2019\/09\/24.05.2019.jpg\" target=\"_blank\"> <\/a><a href=\"https:\/\/paul-lincke.de\/wp-content\/uploads\/2019\/09\/24.05.2019.jpg\">G<\/a><a rel=\"noreferrer noopener\" aria-label=\"oslarschen Zeitung (\u00f6ffnet in neuem Tab)\" href=\"https:\/\/paul-lincke.de\/wp-content\/uploads\/2019\/09\/24.05.2019.jpg\" target=\"_blank\">oslarschen Zeitung<\/a> vom 25.05.2019<br>&#8211; Pressetext in der <a href=\"https:\/\/paul-lincke.de\/wp-content\/uploads\/2019\/09\/2019-01-11_Ankundigung_Bosse_Presse_GZ_2.jpg\" target=\"_blank\" rel=\"noreferrer noopener\" aria-label=\"Goslarschen Zeitung (\u00f6ffnet in neuem Tab)\">Goslarschen Zeitung<\/a> vom 12.01.2019 <\/p>\n\n\n\n<ul class=\"list-style2 wp-block-list\"><li>Text: Stadt Goslar<br>Bilder: Photogeno und Kammer <\/li><\/ul>\n","protected":false},"excerpt":{"rendered":"<p>\u201eEin besonderes Talent, mit seinen Texten Seelen zu ber\u00fchren\u201c<\/p>\n","protected":false},"author":1,"featured_media":354,"comment_status":"closed","ping_status":"closed","sticky":false,"template":"","format":"standard","meta":{"footnotes":""},"categories":[8],"tags":[],"class_list":["post-113","post","type-post","status-publish","format-standard","has-post-thumbnail","hentry","category-preistraeger"],"_links":{"self":[{"href":"https:\/\/paul-lincke.de\/index.php?rest_route=\/wp\/v2\/posts\/113","targetHints":{"allow":["GET"]}}],"collection":[{"href":"https:\/\/paul-lincke.de\/index.php?rest_route=\/wp\/v2\/posts"}],"about":[{"href":"https:\/\/paul-lincke.de\/index.php?rest_route=\/wp\/v2\/types\/post"}],"author":[{"embeddable":true,"href":"https:\/\/paul-lincke.de\/index.php?rest_route=\/wp\/v2\/users\/1"}],"replies":[{"embeddable":true,"href":"https:\/\/paul-lincke.de\/index.php?rest_route=%2Fwp%2Fv2%2Fcomments&post=113"}],"version-history":[{"count":13,"href":"https:\/\/paul-lincke.de\/index.php?rest_route=\/wp\/v2\/posts\/113\/revisions"}],"predecessor-version":[{"id":471,"href":"https:\/\/paul-lincke.de\/index.php?rest_route=\/wp\/v2\/posts\/113\/revisions\/471"}],"wp:featuredmedia":[{"embeddable":true,"href":"https:\/\/paul-lincke.de\/index.php?rest_route=\/wp\/v2\/media\/354"}],"wp:attachment":[{"href":"https:\/\/paul-lincke.de\/index.php?rest_route=%2Fwp%2Fv2%2Fmedia&parent=113"}],"wp:term":[{"taxonomy":"category","embeddable":true,"href":"https:\/\/paul-lincke.de\/index.php?rest_route=%2Fwp%2Fv2%2Fcategories&post=113"},{"taxonomy":"post_tag","embeddable":true,"href":"https:\/\/paul-lincke.de\/index.php?rest_route=%2Fwp%2Fv2%2Ftags&post=113"}],"curies":[{"name":"wp","href":"https:\/\/api.w.org\/{rel}","templated":true}]}}